{"id":461,"date":"2020-02-24T09:22:50","date_gmt":"2020-02-24T10:22:50","guid":{"rendered":"http:\/\/meteorolog.si\/?p=461"},"modified":"2020-06-18T04:44:40","modified_gmt":"2020-06-18T05:44:40","slug":"revija-gea-o-vplivu-pozarov-na-lokalno-vreme","status":"publish","type":"post","link":"https:\/\/meteorolog.si\/index.php\/2020\/02\/24\/revija-gea-o-vplivu-pozarov-na-lokalno-vreme\/","title":{"rendered":"Revija Gea: O vplivu po\u017earov na lokalno vreme"},"content":{"rendered":"\n<p>Meteorolog dr. \u017diga Zaplotnik s Katedre za meteorologijo Fakultete za matematiko in fiziko je sodeloval pri \u010dlanku o vplivu po\u017earov na lokalno vreme v reviji <a href=\"https:\/\/zaplotnik.github.io\/files\/02%20feb%202020%2006-13.pdf\">Gea<\/a> (Februar 2020).<\/p>\n","protected":false},"excerpt":{"rendered":"<p>Meteorolog dr. \u017diga Zaplotnik s Katedre za meteorologijo Fakultete za matematiko in fiziko je sodeloval pri \u010dlanku o vplivu po\u017earov na lokalno vreme v reviji Gea (Februar 2020).<\/p>\n","protected":false},"author":2,"featured_media":462,"comment_status":"closed","ping_status":"closed","sticky":false,"template":"","format":"standard","meta":{"fifu_image_url":"","fifu_image_alt":"","footnotes":""},"categories":[6],"tags":[],"class_list":["post-461","post","type-post","status-publish","format-standard","has-post-thumbnail","hentry","category-mediji","category-6","description-off"],"_links":{"self":[{"href":"https:\/\/meteorolog.si\/index.php\/wp-json\/wp\/v2\/posts\/461","targetHints":{"allow":["GET"]}}],"collection":[{"href":"https:\/\/meteorolog.si\/index.php\/wp-json\/wp\/v2\/posts"}],"about":[{"href":"https:\/\/meteorolog.si\/index.php\/wp-json\/wp\/v2\/types\/post"}],"author":[{"embeddable":true,"href":"https:\/\/meteorolog.si\/index.php\/wp-json\/wp\/v2\/users\/2"}],"replies":[{"embeddable":true,"href":"https:\/\/meteorolog.si\/index.php\/wp-json\/wp\/v2\/comments?post=461"}],"version-history":[{"count":2,"href":"https:\/\/meteorolog.si\/index.php\/wp-json\/wp\/v2\/posts\/461\/revisions"}],"predecessor-version":[{"id":490,"href":"https:\/\/meteorolog.si\/index.php\/wp-json\/wp\/v2\/posts\/461\/revisions\/490"}],"wp:featuredmedia":[{"embeddable":true,"href":"https:\/\/meteorolog.si\/index.php\/wp-json\/wp\/v2\/media\/462"}],"wp:attachment":[{"href":"https:\/\/meteorolog.si\/index.php\/wp-json\/wp\/v2\/media?parent=461"}],"wp:term":[{"taxonomy":"category","embeddable":true,"href":"https:\/\/meteorolog.si\/index.php\/wp-json\/wp\/v2\/categories?post=461"},{"taxonomy":"post_tag","embeddable":true,"href":"https:\/\/meteorolog.si\/index.php\/wp-json\/wp\/v2\/tags?post=461"}],"curies":[{"name":"wp","href":"https:\/\/api.w.org\/{rel}","templated":true}]}}