{"id":591,"date":"2021-02-05T08:25:40","date_gmt":"2021-02-05T09:25:40","guid":{"rendered":"http:\/\/meteorolog.si\/?p=591"},"modified":"2021-02-05T08:25:40","modified_gmt":"2021-02-05T09:25:40","slug":"ugriznimo-znanost-na-tv-slovenija-snezni-plazovi-in-vpliv-metana-na-podnebje","status":"publish","type":"post","link":"https:\/\/meteorolog.si\/index.php\/2021\/02\/05\/ugriznimo-znanost-na-tv-slovenija-snezni-plazovi-in-vpliv-metana-na-podnebje\/","title":{"rendered":"Ugriznimo znanost na TV Slovenija: sne\u017eni plazovi in vpliv metana na podnebje"},"content":{"rendered":"\n<p>V zadnjem mesecu dni so meteorologi z Agencije Republike Slovenije za okolje kar dvakrat gostovali v oddaji Ugriznimo znanost na TV Slovenija. Najprej je Gregor Verta\u010dnik predstavil vpliv metana na ozra\u010dje (oddajo najdete <a href=\"https:\/\/4d.rtvslo.si\/arhiv\/ugriznimo-znanost\/174746091\">tu<\/a>), kasneje pa je Bla\u017e \u0160ter govoril o napovedovanju sne\u017enih plazov (oddajo najdete <a href=\"https:\/\/4d.rtvslo.si\/arhiv\/ugriznimo-znanost\/174751266\">tu<\/a>).<\/p>\n","protected":false},"excerpt":{"rendered":"<p>V zadnjem mesecu dni so meteorologi z Agencije Republike Slovenije za okolje kar dvakrat gostovali v oddaji Ugriznimo znanost na TV Slovenija. Najprej je Gregor Verta\u010dnik predstavil vpliv metana na ozra\u010dje (oddajo najdete tu), kasneje pa je Bla\u017e \u0160ter govoril&hellip;<\/p>\n","protected":false},"author":2,"featured_media":592,"comment_status":"closed","ping_status":"closed","sticky":false,"template":"","format":"standard","meta":{"fifu_image_url":"","fifu_image_alt":"","footnotes":""},"categories":[6],"tags":[],"class_list":["post-591","post","type-post","status-publish","format-standard","has-post-thumbnail","hentry","category-mediji","category-6","description-off"],"_links":{"self":[{"href":"https:\/\/meteorolog.si\/index.php\/wp-json\/wp\/v2\/posts\/591","targetHints":{"allow":["GET"]}}],"collection":[{"href":"https:\/\/meteorolog.si\/index.php\/wp-json\/wp\/v2\/posts"}],"about":[{"href":"https:\/\/meteorolog.si\/index.php\/wp-json\/wp\/v2\/types\/post"}],"author":[{"embeddable":true,"href":"https:\/\/meteorolog.si\/index.php\/wp-json\/wp\/v2\/users\/2"}],"replies":[{"embeddable":true,"href":"https:\/\/meteorolog.si\/index.php\/wp-json\/wp\/v2\/comments?post=591"}],"version-history":[{"count":1,"href":"https:\/\/meteorolog.si\/index.php\/wp-json\/wp\/v2\/posts\/591\/revisions"}],"predecessor-version":[{"id":593,"href":"https:\/\/meteorolog.si\/index.php\/wp-json\/wp\/v2\/posts\/591\/revisions\/593"}],"wp:featuredmedia":[{"embeddable":true,"href":"https:\/\/meteorolog.si\/index.php\/wp-json\/wp\/v2\/media\/592"}],"wp:attachment":[{"href":"https:\/\/meteorolog.si\/index.php\/wp-json\/wp\/v2\/media?parent=591"}],"wp:term":[{"taxonomy":"category","embeddable":true,"href":"https:\/\/meteorolog.si\/index.php\/wp-json\/wp\/v2\/categories?post=591"},{"taxonomy":"post_tag","embeddable":true,"href":"https:\/\/meteorolog.si\/index.php\/wp-json\/wp\/v2\/tags?post=591"}],"curies":[{"name":"wp","href":"https:\/\/api.w.org\/{rel}","templated":true}]}}