{"id":594,"date":"2021-02-09T05:58:58","date_gmt":"2021-02-09T06:58:58","guid":{"rendered":"http:\/\/meteorolog.si\/?p=594"},"modified":"2021-02-09T07:10:15","modified_gmt":"2021-02-09T08:10:15","slug":"studij-meteorologije-na-informativnih-dnevih-2021","status":"publish","type":"post","link":"https:\/\/meteorolog.si\/index.php\/2021\/02\/09\/studij-meteorologije-na-informativnih-dnevih-2021\/","title":{"rendered":"\u0160tudij meteorologije na informativnih dnevih 2021"},"content":{"rendered":"\n<p>Informativni dnevi tudi letos bodo, \u010deprav v malo druga\u010dni obliki. \u0160tudij meteorologije bo predstavljen v okviru \u0161tudija fizike na Fakulteti za matematiko in fiziko UL. Ve\u010d podrobnosti o predstavitvi \u0161tudija fizike najdete <a href=\"https:\/\/www.fmf.uni-lj.si\/sl\/studij-fizike\/informativni-dnevi-2021-studij-fizike\/\">tu<\/a>. Po tej skupni predstavitvi vseh smeri ste vabljeni \u0161e na poseben klepet o meteorolo\u0161ki smeri, kjer boste lahko svoja vpra\u0161anja zastavili \u0161tudentom meteorologije in pedagogom s Katedre za meteorologijo. Povezavo do tega klepeta boste predvidoma dobili na skupnem delu.<\/p>\n\n\n\n<p>Vabljeni tudi k poslu\u0161anju dveh podcastov o \u0161tudiju meteorologije, ki so ju posneli na Agenciji Republike Slovenije za okolje. Epizodi \u0161t. 006 (\u0160tudij meteorologije) in 032 (Kam naprej) najdete <a href=\"https:\/\/meteo.arso.gov.si\/uploads\/probase\/www\/fproduct\/media\/sl\/podcast\/podcast-index.html\">tu<\/a>.<\/p>\n","protected":false},"excerpt":{"rendered":"<p>Informativni dnevi tudi letos bodo, \u010deprav v malo druga\u010dni obliki. \u0160tudij meteorologije bo predstavljen v okviru \u0161tudija fizike na Fakulteti za matematiko in fiziko UL. Ve\u010d podrobnosti o predstavitvi \u0161tudija fizike najdete tu. Po tej skupni predstavitvi vseh smeri ste&hellip;<\/p>\n","protected":false},"author":2,"featured_media":443,"comment_status":"closed","ping_status":"closed","sticky":false,"template":"","format":"standard","meta":{"fifu_image_url":"","fifu_image_alt":"","footnotes":""},"categories":[4],"tags":[],"class_list":["post-594","post","type-post","status-publish","format-standard","has-post-thumbnail","hentry","category-aktualno","category-4","description-off"],"_links":{"self":[{"href":"https:\/\/meteorolog.si\/index.php\/wp-json\/wp\/v2\/posts\/594","targetHints":{"allow":["GET"]}}],"collection":[{"href":"https:\/\/meteorolog.si\/index.php\/wp-json\/wp\/v2\/posts"}],"about":[{"href":"https:\/\/meteorolog.si\/index.php\/wp-json\/wp\/v2\/types\/post"}],"author":[{"embeddable":true,"href":"https:\/\/meteorolog.si\/index.php\/wp-json\/wp\/v2\/users\/2"}],"replies":[{"embeddable":true,"href":"https:\/\/meteorolog.si\/index.php\/wp-json\/wp\/v2\/comments?post=594"}],"version-history":[{"count":3,"href":"https:\/\/meteorolog.si\/index.php\/wp-json\/wp\/v2\/posts\/594\/revisions"}],"predecessor-version":[{"id":598,"href":"https:\/\/meteorolog.si\/index.php\/wp-json\/wp\/v2\/posts\/594\/revisions\/598"}],"wp:featuredmedia":[{"embeddable":true,"href":"https:\/\/meteorolog.si\/index.php\/wp-json\/wp\/v2\/media\/443"}],"wp:attachment":[{"href":"https:\/\/meteorolog.si\/index.php\/wp-json\/wp\/v2\/media?parent=594"}],"wp:term":[{"taxonomy":"category","embeddable":true,"href":"https:\/\/meteorolog.si\/index.php\/wp-json\/wp\/v2\/categories?post=594"},{"taxonomy":"post_tag","embeddable":true,"href":"https:\/\/meteorolog.si\/index.php\/wp-json\/wp\/v2\/tags?post=594"}],"curies":[{"name":"wp","href":"https:\/\/api.w.org\/{rel}","templated":true}]}}