{"id":603,"date":"2021-03-06T06:20:20","date_gmt":"2021-03-06T07:20:20","guid":{"rendered":"http:\/\/meteorolog.si\/?p=603"},"modified":"2021-03-06T06:20:20","modified_gmt":"2021-03-06T07:20:20","slug":"radiovedni-na-valu-202-se-dve-vprasanji-o-snegu","status":"publish","type":"post","link":"https:\/\/meteorolog.si\/index.php\/2021\/03\/06\/radiovedni-na-valu-202-se-dve-vprasanji-o-snegu\/","title":{"rendered":"Radiovedni na Valu 202: \u0160e dve vpra\u0161anji o snegu"},"content":{"rendered":"\n<p>V oddaji Radiovedni na Valu 202 so pred kratkim odgovorili \u0161e na dve vpra\u0161anji povezani s snegom.<\/p>\n\n\n\n<p>Najprej je Brane Gregor\u010di\u010d, meteorolog z Agencije RS za okolje, odgovoril na vpra\u0161anje, zakaj se na Mont Everestu, ki je bli\u017eje soncu, tudi poleti sneg ne stopi. Oddajo lahko poslu\u0161ate <a href=\"https:\/\/val202.rtvslo.si\/2021\/02\/radiovedni-zakaj-se-na-mont-everestu-ki-je-blizje-soncu-tudi-poleti-sneg-ne-stopi\/\">tu<\/a>.<\/p>\n\n\n\n<p>V drugi oddaji pa je dr. Gregor Skok, meteorolog s Fakultete za matematiko in fiziko Univerze v Ljubljani, odgovoril na vpra\u0161anje, zakaj je sneg bel, \u010deprav je voda prozorna. Oddajo najdete <a href=\"https:\/\/val202.rtvslo.si\/2021\/02\/radiovedni-zakaj-je-voda-prozorna-sneg-pa-bele-barve\/\">tu<\/a>.<\/p>\n","protected":false},"excerpt":{"rendered":"<p>V oddaji Radiovedni na Valu 202 so pred kratkim odgovorili \u0161e na dve vpra\u0161anji povezani s snegom. Najprej je Brane Gregor\u010di\u010d, meteorolog z Agencije RS za okolje, odgovoril na vpra\u0161anje, zakaj se na Mont Everestu, ki je bli\u017eje soncu, tudi&hellip;<\/p>\n","protected":false},"author":2,"featured_media":604,"comment_status":"closed","ping_status":"closed","sticky":false,"template":"","format":"standard","meta":{"fifu_image_url":"","fifu_image_alt":"","footnotes":""},"categories":[6],"tags":[],"class_list":["post-603","post","type-post","status-publish","format-standard","has-post-thumbnail","hentry","category-mediji","category-6","description-off"],"_links":{"self":[{"href":"https:\/\/meteorolog.si\/index.php\/wp-json\/wp\/v2\/posts\/603","targetHints":{"allow":["GET"]}}],"collection":[{"href":"https:\/\/meteorolog.si\/index.php\/wp-json\/wp\/v2\/posts"}],"about":[{"href":"https:\/\/meteorolog.si\/index.php\/wp-json\/wp\/v2\/types\/post"}],"author":[{"embeddable":true,"href":"https:\/\/meteorolog.si\/index.php\/wp-json\/wp\/v2\/users\/2"}],"replies":[{"embeddable":true,"href":"https:\/\/meteorolog.si\/index.php\/wp-json\/wp\/v2\/comments?post=603"}],"version-history":[{"count":1,"href":"https:\/\/meteorolog.si\/index.php\/wp-json\/wp\/v2\/posts\/603\/revisions"}],"predecessor-version":[{"id":605,"href":"https:\/\/meteorolog.si\/index.php\/wp-json\/wp\/v2\/posts\/603\/revisions\/605"}],"wp:featuredmedia":[{"embeddable":true,"href":"https:\/\/meteorolog.si\/index.php\/wp-json\/wp\/v2\/media\/604"}],"wp:attachment":[{"href":"https:\/\/meteorolog.si\/index.php\/wp-json\/wp\/v2\/media?parent=603"}],"wp:term":[{"taxonomy":"category","embeddable":true,"href":"https:\/\/meteorolog.si\/index.php\/wp-json\/wp\/v2\/categories?post=603"},{"taxonomy":"post_tag","embeddable":true,"href":"https:\/\/meteorolog.si\/index.php\/wp-json\/wp\/v2\/tags?post=603"}],"curies":[{"name":"wp","href":"https:\/\/api.w.org\/{rel}","templated":true}]}}