{"id":661,"date":"2021-12-01T14:37:02","date_gmt":"2021-12-01T15:37:02","guid":{"rendered":"https:\/\/meteorolog.si\/?p=661"},"modified":"2021-12-01T14:37:02","modified_gmt":"2021-12-01T15:37:02","slug":"predavanja-slovenskega-meteoroloskega-drustva-na-svetovnem-spletu","status":"publish","type":"post","link":"https:\/\/meteorolog.si\/index.php\/2021\/12\/01\/predavanja-slovenskega-meteoroloskega-drustva-na-svetovnem-spletu\/","title":{"rendered":"Predavanja Slovenskega meteorolo\u0161kega dru\u0161tva na svetovnem spletu"},"content":{"rendered":"\n<p>V \u010dasu epidemije je tudi Slovensko meteorolo\u0161ko dru\u0161tvo organiziralo kar nekaj predavanj preko spleta. V \u017eelji, da bi bila \u010dim \u0161ir\u0161e dostopna, so sedaj objavljena na novem YouTube kanalu dru\u0161tva (<a href=\"https:\/\/www.youtube.com\/channel\/UCIFbMFSEJBc_m4PKE8SoxQw\" target=\"_blank\" rel=\"noreferrer noopener\">tu<\/a>). Zbirka predavanj se bo \u0161e dopolnjevala, planirajo pa tudi objavo drugih vsebin.<\/p>\n","protected":false},"excerpt":{"rendered":"<p>V \u010dasu epidemije je tudi Slovensko meteorolo\u0161ko dru\u0161tvo organiziralo kar nekaj predavanj preko spleta. V \u017eelji, da bi bila \u010dim \u0161ir\u0161e dostopna, so sedaj objavljena na novem YouTube kanalu dru\u0161tva (tu). Zbirka predavanj se bo \u0161e dopolnjevala, planirajo pa tudi&hellip;<\/p>\n","protected":false},"author":2,"featured_media":662,"comment_status":"closed","ping_status":"closed","sticky":false,"template":"","format":"standard","meta":{"fifu_image_url":"","fifu_image_alt":"","footnotes":""},"categories":[4],"tags":[],"class_list":["post-661","post","type-post","status-publish","format-standard","has-post-thumbnail","hentry","category-aktualno","category-4","description-off"],"_links":{"self":[{"href":"https:\/\/meteorolog.si\/index.php\/wp-json\/wp\/v2\/posts\/661","targetHints":{"allow":["GET"]}}],"collection":[{"href":"https:\/\/meteorolog.si\/index.php\/wp-json\/wp\/v2\/posts"}],"about":[{"href":"https:\/\/meteorolog.si\/index.php\/wp-json\/wp\/v2\/types\/post"}],"author":[{"embeddable":true,"href":"https:\/\/meteorolog.si\/index.php\/wp-json\/wp\/v2\/users\/2"}],"replies":[{"embeddable":true,"href":"https:\/\/meteorolog.si\/index.php\/wp-json\/wp\/v2\/comments?post=661"}],"version-history":[{"count":1,"href":"https:\/\/meteorolog.si\/index.php\/wp-json\/wp\/v2\/posts\/661\/revisions"}],"predecessor-version":[{"id":663,"href":"https:\/\/meteorolog.si\/index.php\/wp-json\/wp\/v2\/posts\/661\/revisions\/663"}],"wp:featuredmedia":[{"embeddable":true,"href":"https:\/\/meteorolog.si\/index.php\/wp-json\/wp\/v2\/media\/662"}],"wp:attachment":[{"href":"https:\/\/meteorolog.si\/index.php\/wp-json\/wp\/v2\/media?parent=661"}],"wp:term":[{"taxonomy":"category","embeddable":true,"href":"https:\/\/meteorolog.si\/index.php\/wp-json\/wp\/v2\/categories?post=661"},{"taxonomy":"post_tag","embeddable":true,"href":"https:\/\/meteorolog.si\/index.php\/wp-json\/wp\/v2\/tags?post=661"}],"curies":[{"name":"wp","href":"https:\/\/api.w.org\/{rel}","templated":true}]}}